{"id":11794,"date":"2025-03-10T12:17:27","date_gmt":"2025-03-10T12:17:27","guid":{"rendered":"https:\/\/exkalsa.com\/?p=11794"},"modified":"2025-03-10T12:25:51","modified_gmt":"2025-03-10T12:25:51","slug":"8-mars-journee-internationale-des-femmes","status":"publish","type":"post","link":"https:\/\/exkalsa.com\/fr\/8-mars-journee-internationale-des-femmes\/","title":{"rendered":"8 mars | Journ\u00e9e Internationale des Femmes"},"content":{"rendered":"<p>Chez Exkal, nous croyons au talent, au d\u00e9vouement et aux efforts de chaque personne faisant partie de notre \u00e9quipe.<br \/>\nAujourd&rsquo;hui, nous mettons en lumi\u00e8re le travail de nos coll\u00e8gues f\u00e9minines, car leur contribution est essentielle dans chaque domaine de notre entreprise. Ing\u00e9nieures, op\u00e9ratrices, techniciennes, commerciales\u2026<br \/>\nLe talent n&rsquo;a pas de genre, mais il a une voix. Et aujourd&rsquo;hui, nous voulons qu&rsquo;elle soit entendue.<\/p>\n<p><iframe title=\"Video dia de la mujer V2\" src=\"https:\/\/player.vimeo.com\/video\/1064222202?dnt=1&amp;app_id=122963\" width=\"800\" height=\"450\" frameborder=\"0\" allow=\"autoplay; fullscreen; picture-in-picture; clipboard-write; encrypted-media\"><\/iframe><\/p>\n","protected":false},"excerpt":{"rendered":"<p>Chez Exkal, nous croyons au talent, au d\u00e9vouement et aux efforts de chaque personne faisant partie de notre \u00e9quipe. Aujourd&rsquo;hui, nous mettons en lumi\u00e8re le travail de nos coll\u00e8gues f\u00e9minines, car leur contribution est essentielle dans chaque domaine de notre entreprise. Ing\u00e9nieures, op\u00e9ratrices, techniciennes, commerciales\u2026 Le talent n&rsquo;a pas de genre, mais il a une [&hellip;]<\/p>\n","protected":false},"author":2,"featured_media":11789,"comment_status":"closed","ping_status":"closed","sticky":false,"template":"","format":"standard","meta":{"footnotes":""},"categories":[8],"tags":[],"class_list":["post-11794","post","type-post","status-publish","format-standard","has-post-thumbnail","hentry","category-non-classifiee"],"yoast_head":"<!-- This site is optimized with the Yoast SEO plugin v27.1.1 - https:\/\/yoast.com\/product\/yoast-seo-wordpress\/ -->\n<title>8 mars | Journ\u00e9e Internationale des Femmes - Exkal<\/title>\n<meta name=\"robots\" content=\"index, follow, max-snippet:-1, max-image-preview:large, max-video-preview:-1\" \/>\n<link rel=\"canonical\" href=\"https:\/\/exkalsa.com\/fr\/8-mars-journee-internationale-des-femmes\/\" \/>\n<meta property=\"og:locale\" content=\"fr_FR\" \/>\n<meta property=\"og:type\" content=\"article\" \/>\n<meta property=\"og:title\" content=\"8 mars | Journ\u00e9e Internationale des Femmes - Exkal\" \/>\n<meta property=\"og:description\" content=\"Chez Exkal, nous croyons au talent, au d\u00e9vouement et aux efforts de chaque personne faisant partie de notre \u00e9quipe. Aujourd&rsquo;hui, nous mettons en lumi\u00e8re le travail de nos coll\u00e8gues f\u00e9minines, car leur contribution est essentielle dans chaque domaine de notre entreprise. Ing\u00e9nieures, op\u00e9ratrices, techniciennes, commerciales\u2026 Le talent n&rsquo;a pas de genre, mais il a une [&hellip;]\" \/>\n<meta property=\"og:url\" content=\"https:\/\/exkalsa.com\/fr\/8-mars-journee-internationale-des-femmes\/\" \/>\n<meta property=\"og:site_name\" content=\"Exkal\" \/>\n<meta property=\"article:published_time\" content=\"2025-03-10T12:17:27+00:00\" \/>\n<meta property=\"article:modified_time\" content=\"2025-03-10T12:25:51+00:00\" \/>\n<meta property=\"og:image\" content=\"https:\/\/exkalsa.com\/wp-content\/uploads\/2025\/03\/8m-exkal.jpg\" \/>\n\t<meta property=\"og:image:width\" content=\"1200\" \/>\n\t<meta property=\"og:image:height\" content=\"800\" \/>\n\t<meta property=\"og:image:type\" content=\"image\/jpeg\" \/>\n<meta name=\"author\" content=\"adm_exkal\" \/>\n<meta name=\"twitter:card\" content=\"summary_large_image\" \/>\n<meta name=\"twitter:label1\" content=\"\u00c9crit par\" \/>\n\t<meta name=\"twitter:data1\" content=\"adm_exkal\" \/>\n\t<meta name=\"twitter:label2\" content=\"Dur\u00e9e de lecture estim\u00e9e\" \/>\n\t<meta name=\"twitter:data2\" content=\"1 minute\" \/>\n<script type=\"application\/ld+json\" class=\"yoast-schema-graph\">{\"@context\":\"https:\/\/schema.org\",\"@graph\":[{\"@type\":\"Article\",\"@id\":\"https:\/\/exkalsa.com\/fr\/8-mars-journee-internationale-des-femmes\/#article\",\"isPartOf\":{\"@id\":\"https:\/\/exkalsa.com\/fr\/8-mars-journee-internationale-des-femmes\/\"},\"author\":{\"name\":\"adm_exkal\",\"@id\":\"https:\/\/exkalsa.com\/fr\/#\/schema\/person\/f4c74da9c83d325a0b0074795979ae03\"},\"headline\":\"8 mars | Journ\u00e9e Internationale des Femmes\",\"datePublished\":\"2025-03-10T12:17:27+00:00\",\"dateModified\":\"2025-03-10T12:25:51+00:00\",\"mainEntityOfPage\":{\"@id\":\"https:\/\/exkalsa.com\/fr\/8-mars-journee-internationale-des-femmes\/\"},\"wordCount\":87,\"image\":{\"@id\":\"https:\/\/exkalsa.com\/fr\/8-mars-journee-internationale-des-femmes\/#primaryimage\"},\"thumbnailUrl\":\"https:\/\/exkalsa.com\/wp-content\/uploads\/2025\/03\/8m-exkal.jpg\",\"articleSection\":[\"Non classifi\u00e9(e)\"],\"inLanguage\":\"fr-FR\"},{\"@type\":\"WebPage\",\"@id\":\"https:\/\/exkalsa.com\/fr\/8-mars-journee-internationale-des-femmes\/\",\"url\":\"https:\/\/exkalsa.com\/fr\/8-mars-journee-internationale-des-femmes\/\",\"name\":\"8 mars | Journ\u00e9e Internationale des Femmes - Exkal\",\"isPartOf\":{\"@id\":\"https:\/\/exkalsa.com\/fr\/#website\"},\"primaryImageOfPage\":{\"@id\":\"https:\/\/exkalsa.com\/fr\/8-mars-journee-internationale-des-femmes\/#primaryimage\"},\"image\":{\"@id\":\"https:\/\/exkalsa.com\/fr\/8-mars-journee-internationale-des-femmes\/#primaryimage\"},\"thumbnailUrl\":\"https:\/\/exkalsa.com\/wp-content\/uploads\/2025\/03\/8m-exkal.jpg\",\"datePublished\":\"2025-03-10T12:17:27+00:00\",\"dateModified\":\"2025-03-10T12:25:51+00:00\",\"author\":{\"@id\":\"https:\/\/exkalsa.com\/fr\/#\/schema\/person\/f4c74da9c83d325a0b0074795979ae03\"},\"inLanguage\":\"fr-FR\",\"potentialAction\":[{\"@type\":\"ReadAction\",\"target\":[\"https:\/\/exkalsa.com\/fr\/8-mars-journee-internationale-des-femmes\/\"]}]},{\"@type\":\"ImageObject\",\"inLanguage\":\"fr-FR\",\"@id\":\"https:\/\/exkalsa.com\/fr\/8-mars-journee-internationale-des-femmes\/#primaryimage\",\"url\":\"https:\/\/exkalsa.com\/wp-content\/uploads\/2025\/03\/8m-exkal.jpg\",\"contentUrl\":\"https:\/\/exkalsa.com\/wp-content\/uploads\/2025\/03\/8m-exkal.jpg\",\"width\":1200,\"height\":800},{\"@type\":\"WebSite\",\"@id\":\"https:\/\/exkalsa.com\/fr\/#website\",\"url\":\"https:\/\/exkalsa.com\/fr\/\",\"name\":\"Exkal\",\"description\":\"\",\"potentialAction\":[{\"@type\":\"SearchAction\",\"target\":{\"@type\":\"EntryPoint\",\"urlTemplate\":\"https:\/\/exkalsa.com\/fr\/?s={search_term_string}\"},\"query-input\":{\"@type\":\"PropertyValueSpecification\",\"valueRequired\":true,\"valueName\":\"search_term_string\"}}],\"inLanguage\":\"fr-FR\"},{\"@type\":\"Person\",\"@id\":\"https:\/\/exkalsa.com\/fr\/#\/schema\/person\/f4c74da9c83d325a0b0074795979ae03\",\"name\":\"adm_exkal\",\"image\":{\"@type\":\"ImageObject\",\"inLanguage\":\"fr-FR\",\"@id\":\"https:\/\/exkalsa.com\/fr\/#\/schema\/person\/image\/\",\"url\":\"https:\/\/secure.gravatar.com\/avatar\/97ef531ca741982440580ee0552183a355c9c6f885ca9708f414d31ff6c42727?s=96&d=mm&r=g\",\"contentUrl\":\"https:\/\/secure.gravatar.com\/avatar\/97ef531ca741982440580ee0552183a355c9c6f885ca9708f414d31ff6c42727?s=96&d=mm&r=g\",\"caption\":\"adm_exkal\"},\"url\":\"https:\/\/exkalsa.com\/fr\/author\/adm_exkal\/\"}]}<\/script>\n<!-- \/ Yoast SEO plugin. -->","yoast_head_json":{"title":"8 mars | Journ\u00e9e Internationale des Femmes - Exkal","robots":{"index":"index","follow":"follow","max-snippet":"max-snippet:-1","max-image-preview":"max-image-preview:large","max-video-preview":"max-video-preview:-1"},"canonical":"https:\/\/exkalsa.com\/fr\/8-mars-journee-internationale-des-femmes\/","og_locale":"fr_FR","og_type":"article","og_title":"8 mars | Journ\u00e9e Internationale des Femmes - Exkal","og_description":"Chez Exkal, nous croyons au talent, au d\u00e9vouement et aux efforts de chaque personne faisant partie de notre \u00e9quipe. Aujourd&rsquo;hui, nous mettons en lumi\u00e8re le travail de nos coll\u00e8gues f\u00e9minines, car leur contribution est essentielle dans chaque domaine de notre entreprise. Ing\u00e9nieures, op\u00e9ratrices, techniciennes, commerciales\u2026 Le talent n&rsquo;a pas de genre, mais il a une [&hellip;]","og_url":"https:\/\/exkalsa.com\/fr\/8-mars-journee-internationale-des-femmes\/","og_site_name":"Exkal","article_published_time":"2025-03-10T12:17:27+00:00","article_modified_time":"2025-03-10T12:25:51+00:00","og_image":[{"width":1200,"height":800,"url":"https:\/\/exkalsa.com\/wp-content\/uploads\/2025\/03\/8m-exkal.jpg","type":"image\/jpeg"}],"author":"adm_exkal","twitter_card":"summary_large_image","twitter_misc":{"\u00c9crit par":"adm_exkal","Dur\u00e9e de lecture estim\u00e9e":"1 minute"},"schema":{"@context":"https:\/\/schema.org","@graph":[{"@type":"Article","@id":"https:\/\/exkalsa.com\/fr\/8-mars-journee-internationale-des-femmes\/#article","isPartOf":{"@id":"https:\/\/exkalsa.com\/fr\/8-mars-journee-internationale-des-femmes\/"},"author":{"name":"adm_exkal","@id":"https:\/\/exkalsa.com\/fr\/#\/schema\/person\/f4c74da9c83d325a0b0074795979ae03"},"headline":"8 mars | Journ\u00e9e Internationale des Femmes","datePublished":"2025-03-10T12:17:27+00:00","dateModified":"2025-03-10T12:25:51+00:00","mainEntityOfPage":{"@id":"https:\/\/exkalsa.com\/fr\/8-mars-journee-internationale-des-femmes\/"},"wordCount":87,"image":{"@id":"https:\/\/exkalsa.com\/fr\/8-mars-journee-internationale-des-femmes\/#primaryimage"},"thumbnailUrl":"https:\/\/exkalsa.com\/wp-content\/uploads\/2025\/03\/8m-exkal.jpg","articleSection":["Non classifi\u00e9(e)"],"inLanguage":"fr-FR"},{"@type":"WebPage","@id":"https:\/\/exkalsa.com\/fr\/8-mars-journee-internationale-des-femmes\/","url":"https:\/\/exkalsa.com\/fr\/8-mars-journee-internationale-des-femmes\/","name":"8 mars | Journ\u00e9e Internationale des Femmes - Exkal","isPartOf":{"@id":"https:\/\/exkalsa.com\/fr\/#website"},"primaryImageOfPage":{"@id":"https:\/\/exkalsa.com\/fr\/8-mars-journee-internationale-des-femmes\/#primaryimage"},"image":{"@id":"https:\/\/exkalsa.com\/fr\/8-mars-journee-internationale-des-femmes\/#primaryimage"},"thumbnailUrl":"https:\/\/exkalsa.com\/wp-content\/uploads\/2025\/03\/8m-exkal.jpg","datePublished":"2025-03-10T12:17:27+00:00","dateModified":"2025-03-10T12:25:51+00:00","author":{"@id":"https:\/\/exkalsa.com\/fr\/#\/schema\/person\/f4c74da9c83d325a0b0074795979ae03"},"inLanguage":"fr-FR","potentialAction":[{"@type":"ReadAction","target":["https:\/\/exkalsa.com\/fr\/8-mars-journee-internationale-des-femmes\/"]}]},{"@type":"ImageObject","inLanguage":"fr-FR","@id":"https:\/\/exkalsa.com\/fr\/8-mars-journee-internationale-des-femmes\/#primaryimage","url":"https:\/\/exkalsa.com\/wp-content\/uploads\/2025\/03\/8m-exkal.jpg","contentUrl":"https:\/\/exkalsa.com\/wp-content\/uploads\/2025\/03\/8m-exkal.jpg","width":1200,"height":800},{"@type":"WebSite","@id":"https:\/\/exkalsa.com\/fr\/#website","url":"https:\/\/exkalsa.com\/fr\/","name":"Exkal","description":"","potentialAction":[{"@type":"SearchAction","target":{"@type":"EntryPoint","urlTemplate":"https:\/\/exkalsa.com\/fr\/?s={search_term_string}"},"query-input":{"@type":"PropertyValueSpecification","valueRequired":true,"valueName":"search_term_string"}}],"inLanguage":"fr-FR"},{"@type":"Person","@id":"https:\/\/exkalsa.com\/fr\/#\/schema\/person\/f4c74da9c83d325a0b0074795979ae03","name":"adm_exkal","image":{"@type":"ImageObject","inLanguage":"fr-FR","@id":"https:\/\/exkalsa.com\/fr\/#\/schema\/person\/image\/","url":"https:\/\/secure.gravatar.com\/avatar\/97ef531ca741982440580ee0552183a355c9c6f885ca9708f414d31ff6c42727?s=96&d=mm&r=g","contentUrl":"https:\/\/secure.gravatar.com\/avatar\/97ef531ca741982440580ee0552183a355c9c6f885ca9708f414d31ff6c42727?s=96&d=mm&r=g","caption":"adm_exkal"},"url":"https:\/\/exkalsa.com\/fr\/author\/adm_exkal\/"}]}},"_links":{"self":[{"href":"https:\/\/exkalsa.com\/fr\/wp-json\/wp\/v2\/posts\/11794","targetHints":{"allow":["GET"]}}],"collection":[{"href":"https:\/\/exkalsa.com\/fr\/wp-json\/wp\/v2\/posts"}],"about":[{"href":"https:\/\/exkalsa.com\/fr\/wp-json\/wp\/v2\/types\/post"}],"author":[{"embeddable":true,"href":"https:\/\/exkalsa.com\/fr\/wp-json\/wp\/v2\/users\/2"}],"replies":[{"embeddable":true,"href":"https:\/\/exkalsa.com\/fr\/wp-json\/wp\/v2\/comments?post=11794"}],"version-history":[{"count":2,"href":"https:\/\/exkalsa.com\/fr\/wp-json\/wp\/v2\/posts\/11794\/revisions"}],"predecessor-version":[{"id":11796,"href":"https:\/\/exkalsa.com\/fr\/wp-json\/wp\/v2\/posts\/11794\/revisions\/11796"}],"wp:featuredmedia":[{"embeddable":true,"href":"https:\/\/exkalsa.com\/fr\/wp-json\/wp\/v2\/media\/11789"}],"wp:attachment":[{"href":"https:\/\/exkalsa.com\/fr\/wp-json\/wp\/v2\/media?parent=11794"}],"wp:term":[{"taxonomy":"category","embeddable":true,"href":"https:\/\/exkalsa.com\/fr\/wp-json\/wp\/v2\/categories?post=11794"},{"taxonomy":"post_tag","embeddable":true,"href":"https:\/\/exkalsa.com\/fr\/wp-json\/wp\/v2\/tags?post=11794"}],"curies":[{"name":"wp","href":"https:\/\/api.w.org\/{rel}","templated":true}]}}